{"id":5376,"date":"2023-02-09T19:08:55","date_gmt":"2023-02-09T18:08:55","guid":{"rendered":"https:\/\/www.urbanizacionelbosque.org\/?p=5376"},"modified":"2024-05-28T12:31:59","modified_gmt":"2024-05-28T12:31:59","slug":"villaviciosa-de-odon-pone-en-marcha-una-campana-de-ayuda-humanitaria-destinada-a-los-afectados-por-el-terremoto-en-turquia-y-siria","status":"publish","type":"post","link":"https:\/\/urbanizacionelbosque.org\/index.php\/2023\/02\/09\/villaviciosa-de-odon-pone-en-marcha-una-campana-de-ayuda-humanitaria-destinada-a-los-afectados-por-el-terremoto-en-turquia-y-siria\/","title":{"rendered":"Villaviciosa de Od\u00f3n pone en marcha una campa\u00f1a de ayuda humanitaria destinada a los afectados por el terremoto en Turqu\u00eda y Siria"},"content":{"rendered":"<p>El Ayuntamiento de Villaviciosa de Od\u00f3n pone en marcha una campa\u00f1a de ayuda humanitaria destinada a los afectados por el terremoto en Turqu\u00eda y Siria. Se solicitan alimentos no perecederos, ropa de abrigo debido a las bajas temperaturas, productos de higiene personal y otros productos de primera necesidad.<\/p>\n<p>Es preferible que se entreguen en cajas para facilitar la distribuci\u00f3n.<\/p>\n<p>Una vez m\u00e1s los villaodonenses y todos aquellos que quieran colaborar tienen la oportunidad de mostrar su solidaridad ante situaciones tan dram\u00e1ticas que afectan a cientos de miles de personas.<\/p>\n<ul>\n<li>D\u00edas: lunes 13 y martes 14 de febrero<\/li>\n<li>Horario: De 17:00 a 19:00 horas<\/li>\n<li>Lugar: Sal\u00f3n C\u00edvico. Plaza de la Constituci\u00f3n<\/li>\n<\/ul>\n<p>&nbsp;<\/p>\n<p>Fuente: Ayuntamiento de Villaviciosa de Od\u00f3n \/ 09 de febrero de 2023<\/p>\n<p><a href=\"https:\/\/www.urbanizacionelbosque.org\/wp-content\/uploads\/2023\/02\/Campana-solidaria.jpg\"><img loading=\"lazy\" decoding=\"async\" class=\"aligncenter size-large wp-image-5377\" src=\"https:\/\/www.urbanizacionelbosque.org\/wp-content\/uploads\/2023\/02\/Campana-solidaria-724x1024.jpg\" alt=\"ayuda humanitaria victimas terremoto Turqu\u00eda y Siria\" width=\"724\" height=\"1024\" \/><\/a><\/p>\n","protected":false},"excerpt":{"rendered":"<p>El Ayuntamiento de Villaviciosa de Od\u00f3n pone en marcha una campa\u00f1a de ayuda humanitaria destinada a los afectados por el terremoto en Turqu\u00eda y Siria. Se solicitan alimentos no perecederos, ropa de abrigo debido a las bajas temperaturas, productos de higiene personal y otros productos de primera necesidad. Es preferible que se entreguen en cajas [&hellip;]<\/p>\n","protected":false},"author":1,"featured_media":5377,"comment_status":"closed","ping_status":"closed","sticky":false,"template":"","format":"standard","meta":{"_et_pb_use_builder":"","_et_pb_old_content":"","_et_gb_content_width":"","footnotes":""},"categories":[36],"tags":[],"class_list":["post-5376","post","type-post","status-publish","format-standard","has-post-thumbnail","hentry","category-ayuntamiento-informacion-municipal-sobre-la-entidad"],"_links":{"self":[{"href":"https:\/\/urbanizacionelbosque.org\/index.php\/wp-json\/wp\/v2\/posts\/5376","targetHints":{"allow":["GET"]}}],"collection":[{"href":"https:\/\/urbanizacionelbosque.org\/index.php\/wp-json\/wp\/v2\/posts"}],"about":[{"href":"https:\/\/urbanizacionelbosque.org\/index.php\/wp-json\/wp\/v2\/types\/post"}],"author":[{"embeddable":true,"href":"https:\/\/urbanizacionelbosque.org\/index.php\/wp-json\/wp\/v2\/users\/1"}],"replies":[{"embeddable":true,"href":"https:\/\/urbanizacionelbosque.org\/index.php\/wp-json\/wp\/v2\/comments?post=5376"}],"version-history":[{"count":1,"href":"https:\/\/urbanizacionelbosque.org\/index.php\/wp-json\/wp\/v2\/posts\/5376\/revisions"}],"predecessor-version":[{"id":6172,"href":"https:\/\/urbanizacionelbosque.org\/index.php\/wp-json\/wp\/v2\/posts\/5376\/revisions\/6172"}],"wp:featuredmedia":[{"embeddable":true,"href":"https:\/\/urbanizacionelbosque.org\/index.php\/wp-json\/"}],"wp:attachment":[{"href":"https:\/\/urbanizacionelbosque.org\/index.php\/wp-json\/wp\/v2\/media?parent=5376"}],"wp:term":[{"taxonomy":"category","embeddable":true,"href":"https:\/\/urbanizacionelbosque.org\/index.php\/wp-json\/wp\/v2\/categories?post=5376"},{"taxonomy":"post_tag","embeddable":true,"href":"https:\/\/urbanizacionelbosque.org\/index.php\/wp-json\/wp\/v2\/tags?post=5376"}],"curies":[{"name":"wp","href":"https:\/\/api.w.org\/{rel}","templated":true}]}}