{"id":5400,"date":"2023-02-21T10:38:55","date_gmt":"2023-02-21T09:38:55","guid":{"rendered":"https:\/\/www.urbanizacionelbosque.org\/?p=5400"},"modified":"2024-05-28T12:29:31","modified_gmt":"2024-05-28T12:29:31","slug":"el-ayuntamiento-programa-un-ciclo-de-conferencias-en-torno-a-la-figura-de-joaquin-sorolla-en-el-centenario-de-su-fallecimiento","status":"publish","type":"post","link":"https:\/\/urbanizacionelbosque.org\/index.php\/2023\/02\/21\/el-ayuntamiento-programa-un-ciclo-de-conferencias-en-torno-a-la-figura-de-joaquin-sorolla-en-el-centenario-de-su-fallecimiento\/","title":{"rendered":"El Ayuntamiento programa un ciclo de conferencias en torno a la figura de Joaqu\u00edn Sorolla en el centenario de su fallecimiento"},"content":{"rendered":"<p>El Ayuntamiento de Villaviciosa de Od\u00f3n, a trav\u00e9s de la concejal\u00eda de Cultura, ha programado un ciclo de conferencias en torno a la figura del magn\u00edfico pintor impresionista, Joaqu\u00edn Sorolla. Con motivo del centenario de su fallecimiento se realiza esta iniciativa que tendr\u00e1 a la doctora en Historia del Arte, Maite Fern\u00e1ndez Madrid, como conferenciante de un ciclo dividido en tres jornadas.<\/p>\n<p>La primera se celebrar\u00e1 este martes 21 de febrero bajo el t\u00edtulo \u201cTrayectoria pict\u00f3rica de Joaqu\u00edn Sorolla\u201d. Continuar\u00e1 el 23 de marzo con \u201cEl mar y la pintura de Sorolla\u201d para concluir el 18 de abril con \u201cLas mujeres de Sorolla\u201d.<\/p>\n<p>Todas las conferencias tendr\u00e1n lugar en el auditorio Teresa Berganza del Coliseo de la Cultura a las 19:00 horas.<\/p>\n<p>La entrada es libre hasta completar aforo.<\/p>\n<p><a href=\"https:\/\/www.urbanizacionelbosque.org\/wp-content\/uploads\/2023\/02\/Conferencias-sobre-Joaquin-Sorolla-e1676972441979.jpg\"><img loading=\"lazy\" decoding=\"async\" class=\"aligncenter size-large wp-image-5401\" src=\"https:\/\/www.urbanizacionelbosque.org\/wp-content\/uploads\/2023\/02\/Conferencias-sobre-Joaquin-Sorolla-1024x724.jpg\" alt=\"Conferencias sobre la vida de Joaqu\u00edn Sorolla con motivo del centenario de su fallecimiento\" width=\"800\" height=\"566\" \/><\/a><\/p>\n","protected":false},"excerpt":{"rendered":"<p>El Ayuntamiento de Villaviciosa de Od\u00f3n, a trav\u00e9s de la concejal\u00eda de Cultura, ha programado un ciclo de conferencias en torno a la figura del magn\u00edfico pintor impresionista, Joaqu\u00edn Sorolla. Con motivo del centenario de su fallecimiento se realiza esta iniciativa que tendr\u00e1 a la doctora en Historia del Arte, Maite Fern\u00e1ndez Madrid, como conferenciante [&hellip;]<\/p>\n","protected":false},"author":1,"featured_media":5401,"comment_status":"closed","ping_status":"closed","sticky":false,"template":"","format":"standard","meta":{"_et_pb_use_builder":"","_et_pb_old_content":"","_et_gb_content_width":"","footnotes":""},"categories":[36],"tags":[],"class_list":["post-5400","post","type-post","status-publish","format-standard","has-post-thumbnail","hentry","category-ayuntamiento-informacion-municipal-sobre-la-entidad"],"_links":{"self":[{"href":"https:\/\/urbanizacionelbosque.org\/index.php\/wp-json\/wp\/v2\/posts\/5400","targetHints":{"allow":["GET"]}}],"collection":[{"href":"https:\/\/urbanizacionelbosque.org\/index.php\/wp-json\/wp\/v2\/posts"}],"about":[{"href":"https:\/\/urbanizacionelbosque.org\/index.php\/wp-json\/wp\/v2\/types\/post"}],"author":[{"embeddable":true,"href":"https:\/\/urbanizacionelbosque.org\/index.php\/wp-json\/wp\/v2\/users\/1"}],"replies":[{"embeddable":true,"href":"https:\/\/urbanizacionelbosque.org\/index.php\/wp-json\/wp\/v2\/comments?post=5400"}],"version-history":[{"count":1,"href":"https:\/\/urbanizacionelbosque.org\/index.php\/wp-json\/wp\/v2\/posts\/5400\/revisions"}],"predecessor-version":[{"id":6287,"href":"https:\/\/urbanizacionelbosque.org\/index.php\/wp-json\/wp\/v2\/posts\/5400\/revisions\/6287"}],"wp:featuredmedia":[{"embeddable":true,"href":"https:\/\/urbanizacionelbosque.org\/index.php\/wp-json\/"}],"wp:attachment":[{"href":"https:\/\/urbanizacionelbosque.org\/index.php\/wp-json\/wp\/v2\/media?parent=5400"}],"wp:term":[{"taxonomy":"category","embeddable":true,"href":"https:\/\/urbanizacionelbosque.org\/index.php\/wp-json\/wp\/v2\/categories?post=5400"},{"taxonomy":"post_tag","embeddable":true,"href":"https:\/\/urbanizacionelbosque.org\/index.php\/wp-json\/wp\/v2\/tags?post=5400"}],"curies":[{"name":"wp","href":"https:\/\/api.w.org\/{rel}","templated":true}]}}