{"id":5514,"date":"2023-05-16T20:04:11","date_gmt":"2023-05-16T18:04:11","guid":{"rendered":"https:\/\/www.urbanizacionelbosque.org\/?p=5514"},"modified":"2024-05-20T19:35:33","modified_gmt":"2024-05-20T19:35:33","slug":"aplazado-exposicion-de-pintura-de-ma-carmen-fernandez-casado","status":"publish","type":"post","link":"https:\/\/urbanizacionelbosque.org\/index.php\/2023\/05\/16\/aplazado-exposicion-de-pintura-de-ma-carmen-fernandez-casado\/","title":{"rendered":"\u00a1APLAZADO! Exposici\u00f3n de pintura de M\u00aa Carmen Fern\u00e1ndez Casado"},"content":{"rendered":"<p>Comunicamos el aplazamiento hasta nueva fecha pr\u00f3xima de la exposici\u00f3n de pintura de M\u00aa Carmen Fern\u00e1ndez Casado programada para el viernes 19 de mayo 2023 a las 18:00h. por motivos ajenos a la Entidad El Bosque. Os comunicaremos la nueva fecha de inauguraci\u00f3n de dicha exposici\u00f3n pr\u00f3ximamente.<\/p>\n","protected":false},"excerpt":{"rendered":"<p>Comunicamos el aplazamiento hasta nueva fecha pr\u00f3xima de la exposici\u00f3n de pintura de M\u00aa Carmen Fern\u00e1ndez Casado programada para el viernes 19 de mayo 2023 a las 18:00h. por motivos ajenos a la Entidad El Bosque. Os comunicaremos la nueva fecha de inauguraci\u00f3n de dicha exposici\u00f3n pr\u00f3ximamente.<\/p>\n","protected":false},"author":1,"featured_media":5513,"comment_status":"closed","ping_status":"closed","sticky":false,"template":"","format":"standard","meta":{"_et_pb_use_builder":"","_et_pb_old_content":"","_et_gb_content_width":"","footnotes":""},"categories":[26],"tags":[],"class_list":["post-5514","post","type-post","status-publish","format-standard","has-post-thumbnail","hentry","category-actividades-culturales"],"_links":{"self":[{"href":"https:\/\/urbanizacionelbosque.org\/index.php\/wp-json\/wp\/v2\/posts\/5514","targetHints":{"allow":["GET"]}}],"collection":[{"href":"https:\/\/urbanizacionelbosque.org\/index.php\/wp-json\/wp\/v2\/posts"}],"about":[{"href":"https:\/\/urbanizacionelbosque.org\/index.php\/wp-json\/wp\/v2\/types\/post"}],"author":[{"embeddable":true,"href":"https:\/\/urbanizacionelbosque.org\/index.php\/wp-json\/wp\/v2\/users\/1"}],"replies":[{"embeddable":true,"href":"https:\/\/urbanizacionelbosque.org\/index.php\/wp-json\/wp\/v2\/comments?post=5514"}],"version-history":[{"count":1,"href":"https:\/\/urbanizacionelbosque.org\/index.php\/wp-json\/wp\/v2\/posts\/5514\/revisions"}],"predecessor-version":[{"id":6200,"href":"https:\/\/urbanizacionelbosque.org\/index.php\/wp-json\/wp\/v2\/posts\/5514\/revisions\/6200"}],"wp:featuredmedia":[{"embeddable":true,"href":"https:\/\/urbanizacionelbosque.org\/index.php\/wp-json\/"}],"wp:attachment":[{"href":"https:\/\/urbanizacionelbosque.org\/index.php\/wp-json\/wp\/v2\/media?parent=5514"}],"wp:term":[{"taxonomy":"category","embeddable":true,"href":"https:\/\/urbanizacionelbosque.org\/index.php\/wp-json\/wp\/v2\/categories?post=5514"},{"taxonomy":"post_tag","embeddable":true,"href":"https:\/\/urbanizacionelbosque.org\/index.php\/wp-json\/wp\/v2\/tags?post=5514"}],"curies":[{"name":"wp","href":"https:\/\/api.w.org\/{rel}","templated":true}]}}