{"id":5552,"date":"2023-06-22T11:31:24","date_gmt":"2023-06-22T09:31:24","guid":{"rendered":"https:\/\/www.urbanizacionelbosque.org\/?p=5552"},"modified":"2024-05-20T19:35:12","modified_gmt":"2024-05-20T19:35:12","slug":"exposicion-de-pintura-de-ma-carmen-fernandez-casado-23-junio-2023","status":"publish","type":"post","link":"https:\/\/urbanizacionelbosque.org\/index.php\/2023\/06\/22\/exposicion-de-pintura-de-ma-carmen-fernandez-casado-23-junio-2023\/","title":{"rendered":"Exposici\u00f3n de pintura de M\u00aa Carmen Fern\u00e1ndez Casado 23 de junio 2023"},"content":{"rendered":"<p>El viernes 23 de junio 2023 a las 18:00h. M\u00aa Carmen Fern\u00e1ndez Casado inaugurar\u00e1 exposici\u00f3n de sus pinturas en la Entidad El Bosque. La exposici\u00f3n podr\u00e1 verse hasta el s\u00e1bado 24 de junio a las 21:00h. Os invitamos a que comprob\u00e9is la calidad de sus cuadros.<\/p>\n<p><a href=\"https:\/\/www.urbanizacionelbosque.org\/wp-content\/uploads\/2023\/06\/exposicion-pintura.jpg\"><img loading=\"lazy\" decoding=\"async\" class=\"aligncenter size-full wp-image-5642\" src=\"https:\/\/www.urbanizacionelbosque.org\/wp-content\/uploads\/2023\/06\/exposicion-pintura.jpg\" alt=\"exposici\u00f3n pintura Carmen Fern\u00e1ndez Casado\" width=\"841\" height=\"595\" \/><\/a><\/p>\n","protected":false},"excerpt":{"rendered":"<p>El viernes 23 de junio 2023 a las 18:00h. M\u00aa Carmen Fern\u00e1ndez Casado inaugurar\u00e1 exposici\u00f3n de sus pinturas en la Entidad El Bosque. La exposici\u00f3n podr\u00e1 verse hasta el s\u00e1bado 24 de junio a las 21:00h. Os invitamos a que comprob\u00e9is la calidad de sus cuadros.<\/p>\n","protected":false},"author":1,"featured_media":5642,"comment_status":"closed","ping_status":"closed","sticky":false,"template":"","format":"standard","meta":{"_et_pb_use_builder":"","_et_pb_old_content":"","_et_gb_content_width":"","footnotes":""},"categories":[26],"tags":[],"class_list":["post-5552","post","type-post","status-publish","format-standard","has-post-thumbnail","hentry","category-actividades-culturales"],"_links":{"self":[{"href":"https:\/\/urbanizacionelbosque.org\/index.php\/wp-json\/wp\/v2\/posts\/5552","targetHints":{"allow":["GET"]}}],"collection":[{"href":"https:\/\/urbanizacionelbosque.org\/index.php\/wp-json\/wp\/v2\/posts"}],"about":[{"href":"https:\/\/urbanizacionelbosque.org\/index.php\/wp-json\/wp\/v2\/types\/post"}],"author":[{"embeddable":true,"href":"https:\/\/urbanizacionelbosque.org\/index.php\/wp-json\/wp\/v2\/users\/1"}],"replies":[{"embeddable":true,"href":"https:\/\/urbanizacionelbosque.org\/index.php\/wp-json\/wp\/v2\/comments?post=5552"}],"version-history":[{"count":1,"href":"https:\/\/urbanizacionelbosque.org\/index.php\/wp-json\/wp\/v2\/posts\/5552\/revisions"}],"predecessor-version":[{"id":6224,"href":"https:\/\/urbanizacionelbosque.org\/index.php\/wp-json\/wp\/v2\/posts\/5552\/revisions\/6224"}],"wp:featuredmedia":[{"embeddable":true,"href":"https:\/\/urbanizacionelbosque.org\/index.php\/wp-json\/"}],"wp:attachment":[{"href":"https:\/\/urbanizacionelbosque.org\/index.php\/wp-json\/wp\/v2\/media?parent=5552"}],"wp:term":[{"taxonomy":"category","embeddable":true,"href":"https:\/\/urbanizacionelbosque.org\/index.php\/wp-json\/wp\/v2\/categories?post=5552"},{"taxonomy":"post_tag","embeddable":true,"href":"https:\/\/urbanizacionelbosque.org\/index.php\/wp-json\/wp\/v2\/tags?post=5552"}],"curies":[{"name":"wp","href":"https:\/\/api.w.org\/{rel}","templated":true}]}}