{"id":5561,"date":"2023-06-13T14:44:49","date_gmt":"2023-06-13T12:44:49","guid":{"rendered":"https:\/\/www.urbanizacionelbosque.org\/?p=5561"},"modified":"2024-05-20T19:35:14","modified_gmt":"2024-05-20T19:35:14","slug":"dimision-del-vocal-de-infraestructuras-don-diego-sanchez","status":"publish","type":"post","link":"https:\/\/urbanizacionelbosque.org\/index.php\/2023\/06\/13\/dimision-del-vocal-de-infraestructuras-don-diego-sanchez\/","title":{"rendered":"Dimisi\u00f3n del vocal de infraestructuras Don Diego S\u00e1nchez"},"content":{"rendered":"<p>Desde la Junta de Gobierno de la Entidad Urban\u00edstica de Conservaci\u00f3n y Mantenimiento El Bosque, queremos comunicar la dimisi\u00f3n del vocal de Infraestructuras Don Diego S\u00e1nchez presentada ante dicha Junta para comenzar una nueva andadura como concejal en el Ayuntamiento de Villaviciosa de Od\u00f3n, le agradecemos encarecidamente la labor realizada en beneficio de todos los vecinos de nuestra urbanizaci\u00f3n, as\u00ed como desearle suerte en esta nueva etapa en la que estamos seguros que seguir\u00e1 con el objetivo de conseguir las mejoras que tanto necesitamos.<\/p>\n","protected":false},"excerpt":{"rendered":"<p>Desde la Junta de Gobierno de la Entidad Urban\u00edstica de Conservaci\u00f3n y Mantenimiento El Bosque, queremos comunicar la dimisi\u00f3n del vocal de Infraestructuras Don Diego S\u00e1nchez presentada ante dicha Junta para comenzar una nueva andadura como concejal en el Ayuntamiento de Villaviciosa de Od\u00f3n, le agradecemos encarecidamente la labor realizada en beneficio de todos los [&hellip;]<\/p>\n","protected":false},"author":1,"featured_media":5490,"comment_status":"closed","ping_status":"closed","sticky":false,"template":"","format":"standard","meta":{"_et_pb_use_builder":"","_et_pb_old_content":"","_et_gb_content_width":"","footnotes":""},"categories":[22],"tags":[],"class_list":["post-5561","post","type-post","status-publish","format-standard","has-post-thumbnail","hentry","category-conservacion"],"_links":{"self":[{"href":"https:\/\/urbanizacionelbosque.org\/index.php\/wp-json\/wp\/v2\/posts\/5561","targetHints":{"allow":["GET"]}}],"collection":[{"href":"https:\/\/urbanizacionelbosque.org\/index.php\/wp-json\/wp\/v2\/posts"}],"about":[{"href":"https:\/\/urbanizacionelbosque.org\/index.php\/wp-json\/wp\/v2\/types\/post"}],"author":[{"embeddable":true,"href":"https:\/\/urbanizacionelbosque.org\/index.php\/wp-json\/wp\/v2\/users\/1"}],"replies":[{"embeddable":true,"href":"https:\/\/urbanizacionelbosque.org\/index.php\/wp-json\/wp\/v2\/comments?post=5561"}],"version-history":[{"count":1,"href":"https:\/\/urbanizacionelbosque.org\/index.php\/wp-json\/wp\/v2\/posts\/5561\/revisions"}],"predecessor-version":[{"id":6176,"href":"https:\/\/urbanizacionelbosque.org\/index.php\/wp-json\/wp\/v2\/posts\/5561\/revisions\/6176"}],"wp:featuredmedia":[{"embeddable":true,"href":"https:\/\/urbanizacionelbosque.org\/index.php\/wp-json\/"}],"wp:attachment":[{"href":"https:\/\/urbanizacionelbosque.org\/index.php\/wp-json\/wp\/v2\/media?parent=5561"}],"wp:term":[{"taxonomy":"category","embeddable":true,"href":"https:\/\/urbanizacionelbosque.org\/index.php\/wp-json\/wp\/v2\/categories?post=5561"},{"taxonomy":"post_tag","embeddable":true,"href":"https:\/\/urbanizacionelbosque.org\/index.php\/wp-json\/wp\/v2\/tags?post=5561"}],"curies":[{"name":"wp","href":"https:\/\/api.w.org\/{rel}","templated":true}]}}