{"id":5563,"date":"2023-06-13T14:46:46","date_gmt":"2023-06-13T12:46:46","guid":{"rendered":"https:\/\/www.urbanizacionelbosque.org\/?p=5563"},"modified":"2024-05-20T19:35:13","modified_gmt":"2024-05-20T19:35:13","slug":"reclamaciones-por-cortes-de-luz-de-los-dias-29-y-30-de-mayo","status":"publish","type":"post","link":"https:\/\/urbanizacionelbosque.org\/index.php\/2023\/06\/13\/reclamaciones-por-cortes-de-luz-de-los-dias-29-y-30-de-mayo\/","title":{"rendered":"Reclamaciones por cortes de luz de los d\u00edas 29 y 30 de mayo"},"content":{"rendered":"<p>Muchos propietarios de diversas parcelas se vieron afectados por un corte de luz durante casi 36 horas, desde el lunes d\u00eda 29 de mayo a las 9.30 horas hasta el martes 30 de mayo a las 21.09 horas.<\/p>\n<p>Varios residentes, asesorados por sus compa\u00f1\u00edas aseguradoras, proceder\u00e1n a reclamar individualmente a trav\u00e9s de las mismas, pero el procedimiento se podr\u00eda acelerar interponiendo una reclamaci\u00f3n colectiva (independientemente de la individual). A nivel particular, la iniciativa est\u00e1 liderada por Alfonso Yunta Domingo (Calle Eume 2) y Luis Mart\u00edn Blanco<\/p>\n<p>(Calle Sil 28)<\/p>\n","protected":false},"excerpt":{"rendered":"<p>Muchos propietarios de diversas parcelas se vieron afectados por un corte de luz durante casi 36 horas, desde el lunes d\u00eda 29 de mayo a las 9.30 horas hasta el martes 30 de mayo a las 21.09 horas. Varios residentes, asesorados por sus compa\u00f1\u00edas aseguradoras, proceder\u00e1n a reclamar individualmente a trav\u00e9s de las mismas, pero [&hellip;]<\/p>\n","protected":false},"author":1,"featured_media":3767,"comment_status":"closed","ping_status":"closed","sticky":false,"template":"","format":"standard","meta":{"_et_pb_use_builder":"","_et_pb_old_content":"","_et_gb_content_width":"","footnotes":""},"categories":[22],"tags":[],"class_list":["post-5563","post","type-post","status-publish","format-standard","has-post-thumbnail","hentry","category-conservacion"],"_links":{"self":[{"href":"https:\/\/urbanizacionelbosque.org\/index.php\/wp-json\/wp\/v2\/posts\/5563","targetHints":{"allow":["GET"]}}],"collection":[{"href":"https:\/\/urbanizacionelbosque.org\/index.php\/wp-json\/wp\/v2\/posts"}],"about":[{"href":"https:\/\/urbanizacionelbosque.org\/index.php\/wp-json\/wp\/v2\/types\/post"}],"author":[{"embeddable":true,"href":"https:\/\/urbanizacionelbosque.org\/index.php\/wp-json\/wp\/v2\/users\/1"}],"replies":[{"embeddable":true,"href":"https:\/\/urbanizacionelbosque.org\/index.php\/wp-json\/wp\/v2\/comments?post=5563"}],"version-history":[{"count":1,"href":"https:\/\/urbanizacionelbosque.org\/index.php\/wp-json\/wp\/v2\/posts\/5563\/revisions"}],"predecessor-version":[{"id":6175,"href":"https:\/\/urbanizacionelbosque.org\/index.php\/wp-json\/wp\/v2\/posts\/5563\/revisions\/6175"}],"wp:featuredmedia":[{"embeddable":true,"href":"https:\/\/urbanizacionelbosque.org\/index.php\/wp-json\/"}],"wp:attachment":[{"href":"https:\/\/urbanizacionelbosque.org\/index.php\/wp-json\/wp\/v2\/media?parent=5563"}],"wp:term":[{"taxonomy":"category","embeddable":true,"href":"https:\/\/urbanizacionelbosque.org\/index.php\/wp-json\/wp\/v2\/categories?post=5563"},{"taxonomy":"post_tag","embeddable":true,"href":"https:\/\/urbanizacionelbosque.org\/index.php\/wp-json\/wp\/v2\/tags?post=5563"}],"curies":[{"name":"wp","href":"https:\/\/api.w.org\/{rel}","templated":true}]}}