{"id":5663,"date":"2023-07-19T12:44:27","date_gmt":"2023-07-19T10:44:27","guid":{"rendered":"https:\/\/www.urbanizacionelbosque.org\/?p=5663"},"modified":"2024-05-20T19:35:12","modified_gmt":"2024-05-20T19:35:12","slug":"nota-informativa-referente-a-la-incidencia-de-alumbrado-publico-en-el-bosque","status":"publish","type":"post","link":"https:\/\/urbanizacionelbosque.org\/index.php\/2023\/07\/19\/nota-informativa-referente-a-la-incidencia-de-alumbrado-publico-en-el-bosque\/","title":{"rendered":"NOTA INFORMATIVA REFERENTE A LA INCIDENCIA DE ALUMBRADO P\u00daBLICO  EN EL BOSQUE"},"content":{"rendered":"<p>Desde la Entidad, nos gustar\u00eda informar a los vecinos sobre la incidencia ocurrida en el Centro de Mando de Alumbrado Exterior ubicado en las calles Guadamedina, Guadalhorce, Barbate, Orce, Trabancos, Guare\u00f1a, \u00d3rbigo y Duero, desde los n\u00fameros 43 al 64 y de A75 a A90. Esta incidencia ha afectado a un total de 116 farolas.<\/p>\n<p>Queremos aclarar que la activaci\u00f3n del ICP (limitador de potencia contratada) en el mencionado Centro de Mando depende del contrato vigente entre el ayuntamiento y la distribuidora de energ\u00eda, y est\u00e1 fuera de la responsabilidad de nuestra Entidad.<\/p>\n<p>Una vez identificada la causa de la incidencia y comunicada al ayuntamiento, la Entidad ha tomado medidas para reducir el n\u00famero de puntos de luz para mantener el m\u00e1ximo n\u00famero de farolas encendidas sin que el limitador se active. De esta manera, al menos se garantiza una m\u00ednima iluminaci\u00f3n en la zona afectada.<\/p>\n<p>Lamentamos los inconvenientes ocasionados, agradecemos su comprensi\u00f3n y esperamos que<br \/>\nel ayuntamiento solucione esta situaci\u00f3n de la manera m\u00e1s pronta posible.<\/p>\n","protected":false},"excerpt":{"rendered":"<p>Desde la Entidad, nos gustar\u00eda informar a los vecinos sobre la incidencia ocurrida en el Centro de Mando de Alumbrado Exterior ubicado en las calles Guadamedina, Guadalhorce, Barbate, Orce, Trabancos, Guare\u00f1a, \u00d3rbigo y Duero, desde los n\u00fameros 43 al 64 y de A75 a A90. Esta incidencia ha afectado a un total de 116 farolas. [&hellip;]<\/p>\n","protected":false},"author":1,"featured_media":5490,"comment_status":"closed","ping_status":"closed","sticky":false,"template":"","format":"standard","meta":{"_et_pb_use_builder":"","_et_pb_old_content":"","_et_gb_content_width":"","footnotes":""},"categories":[22],"tags":[],"class_list":["post-5663","post","type-post","status-publish","format-standard","has-post-thumbnail","hentry","category-conservacion"],"_links":{"self":[{"href":"https:\/\/urbanizacionelbosque.org\/index.php\/wp-json\/wp\/v2\/posts\/5663","targetHints":{"allow":["GET"]}}],"collection":[{"href":"https:\/\/urbanizacionelbosque.org\/index.php\/wp-json\/wp\/v2\/posts"}],"about":[{"href":"https:\/\/urbanizacionelbosque.org\/index.php\/wp-json\/wp\/v2\/types\/post"}],"author":[{"embeddable":true,"href":"https:\/\/urbanizacionelbosque.org\/index.php\/wp-json\/wp\/v2\/users\/1"}],"replies":[{"embeddable":true,"href":"https:\/\/urbanizacionelbosque.org\/index.php\/wp-json\/wp\/v2\/comments?post=5663"}],"version-history":[{"count":1,"href":"https:\/\/urbanizacionelbosque.org\/index.php\/wp-json\/wp\/v2\/posts\/5663\/revisions"}],"predecessor-version":[{"id":6222,"href":"https:\/\/urbanizacionelbosque.org\/index.php\/wp-json\/wp\/v2\/posts\/5663\/revisions\/6222"}],"wp:featuredmedia":[{"embeddable":true,"href":"https:\/\/urbanizacionelbosque.org\/index.php\/wp-json\/"}],"wp:attachment":[{"href":"https:\/\/urbanizacionelbosque.org\/index.php\/wp-json\/wp\/v2\/media?parent=5663"}],"wp:term":[{"taxonomy":"category","embeddable":true,"href":"https:\/\/urbanizacionelbosque.org\/index.php\/wp-json\/wp\/v2\/categories?post=5663"},{"taxonomy":"post_tag","embeddable":true,"href":"https:\/\/urbanizacionelbosque.org\/index.php\/wp-json\/wp\/v2\/tags?post=5663"}],"curies":[{"name":"wp","href":"https:\/\/api.w.org\/{rel}","templated":true}]}}