{"id":5946,"date":"2024-01-24T15:48:51","date_gmt":"2024-01-24T14:48:51","guid":{"rendered":"https:\/\/www.urbanizacionelbosque.org\/?p=5946"},"modified":"2024-05-20T19:34:28","modified_gmt":"2024-05-20T19:34:28","slug":"corte-de-luz-29-de-enero","status":"publish","type":"post","link":"https:\/\/urbanizacionelbosque.org\/index.php\/2024\/01\/24\/corte-de-luz-29-de-enero\/","title":{"rendered":"Corte de luz 29 de enero"},"content":{"rendered":"<p>Para efectuar trabajos de ampliaci\u00f3n y mantenimiento de nuestras instalaciones, les informamos que se va a<br \/>\ninterrumpir el suministro de energ\u00eda el\u00e9ctrica a las calles siguientes y durante los periodos comprendidos entre los<br \/>\nhorarios que se indican:<\/p>\n<p>Calle Genil: 2, 3, 4, 5, 6, 7, 8<br \/>\nCalle Guadalete: 2<br \/>\nCalle Guadalquivir: 36, 38, 40, 51, 53, 55<\/p>\n<p>De 8.45 a 10.45.<\/p>\n<p><a href=\"https:\/\/www.urbanizacionelbosque.org\/wp-content\/uploads\/2024\/01\/CORTE-LUZ-ENERO2024.pdf\">CORTE LUZ ENERO2024<\/a><\/p>\n<p>&nbsp;<\/p>\n","protected":false},"excerpt":{"rendered":"<p>Para efectuar trabajos de ampliaci\u00f3n y mantenimiento de nuestras instalaciones, les informamos que se va a interrumpir el suministro de energ\u00eda el\u00e9ctrica a las calles siguientes y durante los periodos comprendidos entre los horarios que se indican: Calle Genil: 2, 3, 4, 5, 6, 7, 8 Calle Guadalete: 2 Calle Guadalquivir: 36, 38, 40, 51, [&hellip;]<\/p>\n","protected":false},"author":1,"featured_media":5954,"comment_status":"closed","ping_status":"closed","sticky":false,"template":"","format":"standard","meta":{"_et_pb_use_builder":"","_et_pb_old_content":"","_et_gb_content_width":"","footnotes":""},"categories":[22],"tags":[],"class_list":["post-5946","post","type-post","status-publish","format-standard","has-post-thumbnail","hentry","category-conservacion"],"_links":{"self":[{"href":"https:\/\/urbanizacionelbosque.org\/index.php\/wp-json\/wp\/v2\/posts\/5946","targetHints":{"allow":["GET"]}}],"collection":[{"href":"https:\/\/urbanizacionelbosque.org\/index.php\/wp-json\/wp\/v2\/posts"}],"about":[{"href":"https:\/\/urbanizacionelbosque.org\/index.php\/wp-json\/wp\/v2\/types\/post"}],"author":[{"embeddable":true,"href":"https:\/\/urbanizacionelbosque.org\/index.php\/wp-json\/wp\/v2\/users\/1"}],"replies":[{"embeddable":true,"href":"https:\/\/urbanizacionelbosque.org\/index.php\/wp-json\/wp\/v2\/comments?post=5946"}],"version-history":[{"count":1,"href":"https:\/\/urbanizacionelbosque.org\/index.php\/wp-json\/wp\/v2\/posts\/5946\/revisions"}],"predecessor-version":[{"id":6272,"href":"https:\/\/urbanizacionelbosque.org\/index.php\/wp-json\/wp\/v2\/posts\/5946\/revisions\/6272"}],"wp:featuredmedia":[{"embeddable":true,"href":"https:\/\/urbanizacionelbosque.org\/index.php\/wp-json\/"}],"wp:attachment":[{"href":"https:\/\/urbanizacionelbosque.org\/index.php\/wp-json\/wp\/v2\/media?parent=5946"}],"wp:term":[{"taxonomy":"category","embeddable":true,"href":"https:\/\/urbanizacionelbosque.org\/index.php\/wp-json\/wp\/v2\/categories?post=5946"},{"taxonomy":"post_tag","embeddable":true,"href":"https:\/\/urbanizacionelbosque.org\/index.php\/wp-json\/wp\/v2\/tags?post=5946"}],"curies":[{"name":"wp","href":"https:\/\/api.w.org\/{rel}","templated":true}]}}