{"id":6010,"date":"2024-03-11T15:39:51","date_gmt":"2024-03-11T14:39:51","guid":{"rendered":"https:\/\/www.urbanizacionelbosque.org\/?p=6010"},"modified":"2024-05-20T19:34:26","modified_gmt":"2024-05-20T19:34:26","slug":"mas-cortes-de-luz-en-marzo","status":"publish","type":"post","link":"https:\/\/urbanizacionelbosque.org\/index.php\/2024\/03\/11\/mas-cortes-de-luz-en-marzo\/","title":{"rendered":"M\u00e1s cortes de luz en marzo"},"content":{"rendered":"<p>Para efectuar trabajos de ampliaci\u00f3n y mantenimiento de nuestras instalaciones, les informamos que se va a interrumpir el suministro de energ\u00eda el\u00e9ctrica a las calles siguientes y durante los periodos comprendidos entre los horarios que se indican.<\/p>\n<p>Fecha: 15 de marzo de 2024<\/p>\n<p>Hora: De 09:00 a 09:45<\/p>\n<p>Calle Cabriel: 1, 2, 3, 4, 5, 6, 7, 11, 13, 15<br \/>\nCalle Huecar: 1, 2 4, 2 5, 2 6, 3, 4 14, 4 15, 4 16, 4 17, 4 18,<br \/>\n4 19, 5, 6 20, 7, 8 28, 8 29, 8 30, 8 31, 8 32, 8, 9, 10, 11,<br \/>\n12 PR, 12<br \/>\nCalle Jucar: 1, 2, 3, 4, 5 2, 5 3, 5, 6, 7 PR, 7 1, 7 2, 7 3, 8, 9<br \/>\nBI, 9 10, 9 11, 9 12, 9 13, 9 8, 9 9, 10, 11 7, 12, 13 21,<br \/>\n13 22, 13 23, 13 24, 13 25, 13 26, 14, 15 1, 15, 16, 17, 18,<br \/>\n19, 20, 21, 22, 23, 24, 25, 26, 27 PR, 28, 29, 30, 31, 32, 33,<br \/>\n34, 35 1, 36, 38, 40, 42, 44, 46, 48, 50, 52, 54, 56, 58, 60, 62,<br \/>\n64, 66<br \/>\nCalle Mi\u00f1o: 31, 35, 39, 41 PR, 43, 45, 47, 49, 51, 53, 55, 59, 61<br \/>\nCalle Monegre: 1, 2, 3, 4, 5, 6<br \/>\nCalle Noya: 2, 3, 4, 5, 7, 8<br \/>\nCalle Ter: 9, 11, 13, 15, 17, 19, 20, 22 A, 22, 24, 26, 28<\/p>\n<p><a href=\"https:\/\/www.urbanizacionelbosque.org\/wp-content\/uploads\/2024\/03\/Corte-luz-Marzo-2024-2.pdf\">Corte luz Marzo 2024-2<\/a><\/p>\n","protected":false},"excerpt":{"rendered":"<p>Para efectuar trabajos de ampliaci\u00f3n y mantenimiento de nuestras instalaciones, les informamos que se va a interrumpir el suministro de energ\u00eda el\u00e9ctrica a las calles siguientes y durante los periodos comprendidos entre los horarios que se indican. Fecha: 15 de marzo de 2024 Hora: De 09:00 a 09:45 Calle Cabriel: 1, 2, 3, 4, 5, [&hellip;]<\/p>\n","protected":false},"author":1,"featured_media":6006,"comment_status":"closed","ping_status":"closed","sticky":false,"template":"","format":"standard","meta":{"_et_pb_use_builder":"","_et_pb_old_content":"","_et_gb_content_width":"","footnotes":""},"categories":[22],"tags":[],"class_list":["post-6010","post","type-post","status-publish","format-standard","has-post-thumbnail","hentry","category-conservacion"],"_links":{"self":[{"href":"https:\/\/urbanizacionelbosque.org\/index.php\/wp-json\/wp\/v2\/posts\/6010","targetHints":{"allow":["GET"]}}],"collection":[{"href":"https:\/\/urbanizacionelbosque.org\/index.php\/wp-json\/wp\/v2\/posts"}],"about":[{"href":"https:\/\/urbanizacionelbosque.org\/index.php\/wp-json\/wp\/v2\/types\/post"}],"author":[{"embeddable":true,"href":"https:\/\/urbanizacionelbosque.org\/index.php\/wp-json\/wp\/v2\/users\/1"}],"replies":[{"embeddable":true,"href":"https:\/\/urbanizacionelbosque.org\/index.php\/wp-json\/wp\/v2\/comments?post=6010"}],"version-history":[{"count":1,"href":"https:\/\/urbanizacionelbosque.org\/index.php\/wp-json\/wp\/v2\/posts\/6010\/revisions"}],"predecessor-version":[{"id":6266,"href":"https:\/\/urbanizacionelbosque.org\/index.php\/wp-json\/wp\/v2\/posts\/6010\/revisions\/6266"}],"wp:featuredmedia":[{"embeddable":true,"href":"https:\/\/urbanizacionelbosque.org\/index.php\/wp-json\/"}],"wp:attachment":[{"href":"https:\/\/urbanizacionelbosque.org\/index.php\/wp-json\/wp\/v2\/media?parent=6010"}],"wp:term":[{"taxonomy":"category","embeddable":true,"href":"https:\/\/urbanizacionelbosque.org\/index.php\/wp-json\/wp\/v2\/categories?post=6010"},{"taxonomy":"post_tag","embeddable":true,"href":"https:\/\/urbanizacionelbosque.org\/index.php\/wp-json\/wp\/v2\/tags?post=6010"}],"curies":[{"name":"wp","href":"https:\/\/api.w.org\/{rel}","templated":true}]}}