{"id":6072,"date":"2024-04-17T13:32:42","date_gmt":"2024-04-17T11:32:42","guid":{"rendered":"https:\/\/www.urbanizacionelbosque.org\/?p=6072"},"modified":"2024-05-20T19:34:04","modified_gmt":"2024-05-20T19:34:04","slug":"averia-de-agua-en-calle-guadiana-sin-reparar-en-dos-anos","status":"publish","type":"post","link":"https:\/\/urbanizacionelbosque.org\/index.php\/2024\/04\/17\/averia-de-agua-en-calle-guadiana-sin-reparar-en-dos-anos\/","title":{"rendered":"Aver\u00eda de agua en Calle Guadiana sin reparar en dos a\u00f1os"},"content":{"rendered":"<p><strong>Crisis silenciosa: Aver\u00eda de agua en Calle Guadiana sin reparar en dos a\u00f1os<\/strong><\/p>\n<p>Hace dos a\u00f1os se detect\u00f3 una grave aver\u00eda de agua, en la Calle Guadiana esquina con la Calle Ardila que por decisi\u00f3n del anterior Director T\u00e9cnico no recibi\u00f3 la atenci\u00f3n adecuada. De dicho incidente no se inform\u00f3 a la actual.<\/p>\n<p>Este problema, que deber\u00eda haber sido una prioridad en su reparaci\u00f3n fue ignorado despu\u00e9s de abrir la zona afectada y comprobar la extensi\u00f3n del da\u00f1o, se procedi\u00f3 al cierre del socav\u00f3n, sin solventar la deficiencia, poniendo en peligro no solo las infraestructuras colindantes, sino tambi\u00e9n provocando una gran p\u00e9rdida de agua. Una vez detectado el problema, el actual Director T\u00e9cnico de la Entidad ha procedido de forma inmediata a su reparaci\u00f3n, solventando la crisis que se provoc\u00f3 hace dos a\u00f1os.<\/p>\n<p>La negligencia en esta actuaci\u00f3n confirma la l\u00ednea de actuaci\u00f3n que estamos implantando al mejorar los procesos y procedimientos de gesti\u00f3n en el \u00e1rea t\u00e9cnica de la Entidad.<\/p>\n<p>&nbsp;<\/p>\n<p><img loading=\"lazy\" decoding=\"async\" class=\"alignnone size-medium wp-image-6074\" src=\"https:\/\/www.urbanizacionelbosque.org\/wp-content\/uploads\/2024\/04\/IMG_20240402_085030_168-300x225.jpg\" alt=\"\" width=\"300\" height=\"225\" \/><\/p>\n<p><img loading=\"lazy\" decoding=\"async\" class=\"alignnone size-medium wp-image-6075\" src=\"https:\/\/www.urbanizacionelbosque.org\/wp-content\/uploads\/2024\/04\/IMG_20240402_085037_007-225x300.jpg\" alt=\"\" width=\"225\" height=\"300\" \/><\/p>\n<p><img loading=\"lazy\" decoding=\"async\" class=\"alignnone size-medium wp-image-6076\" src=\"https:\/\/www.urbanizacionelbosque.org\/wp-content\/uploads\/2024\/04\/IMG_20240402_173653_149-300x225.jpg\" alt=\"\" width=\"300\" height=\"225\" \/><\/p>\n<div style=\"width: 848px;\" class=\"wp-video\"><video class=\"wp-video-shortcode\" id=\"video-6072-1\" width=\"848\" height=\"480\" preload=\"metadata\" controls=\"controls\"><source type=\"video\/mp4\" src=\"https:\/\/www.urbanizacionelbosque.org\/wp-content\/uploads\/2024\/04\/VID-20240402-WA0001.mp4?_=1\" \/><a href=\"https:\/\/www.urbanizacionelbosque.org\/wp-content\/uploads\/2024\/04\/VID-20240402-WA0001.mp4\">https:\/\/www.urbanizacionelbosque.org\/wp-content\/uploads\/2024\/04\/VID-20240402-WA0001.mp4<\/a><\/video><\/div>\n","protected":false},"excerpt":{"rendered":"<p>Crisis silenciosa: Aver\u00eda de agua en Calle Guadiana sin reparar en dos a\u00f1os Hace dos a\u00f1os se detect\u00f3 una grave aver\u00eda de agua, en la Calle Guadiana esquina con la Calle Ardila que por decisi\u00f3n del anterior Director T\u00e9cnico no recibi\u00f3 la atenci\u00f3n adecuada. De dicho incidente no se inform\u00f3 a la actual. Este problema, [&hellip;]<\/p>\n","protected":false},"author":1,"featured_media":6074,"comment_status":"closed","ping_status":"closed","sticky":false,"template":"","format":"standard","meta":{"_et_pb_use_builder":"","_et_pb_old_content":"","_et_gb_content_width":"","footnotes":""},"categories":[28],"tags":[],"class_list":["post-6072","post","type-post","status-publish","format-standard","has-post-thumbnail","hentry","category-agua-infraestructuras"],"_links":{"self":[{"href":"https:\/\/urbanizacionelbosque.org\/index.php\/wp-json\/wp\/v2\/posts\/6072","targetHints":{"allow":["GET"]}}],"collection":[{"href":"https:\/\/urbanizacionelbosque.org\/index.php\/wp-json\/wp\/v2\/posts"}],"about":[{"href":"https:\/\/urbanizacionelbosque.org\/index.php\/wp-json\/wp\/v2\/types\/post"}],"author":[{"embeddable":true,"href":"https:\/\/urbanizacionelbosque.org\/index.php\/wp-json\/wp\/v2\/users\/1"}],"replies":[{"embeddable":true,"href":"https:\/\/urbanizacionelbosque.org\/index.php\/wp-json\/wp\/v2\/comments?post=6072"}],"version-history":[{"count":1,"href":"https:\/\/urbanizacionelbosque.org\/index.php\/wp-json\/wp\/v2\/posts\/6072\/revisions"}],"predecessor-version":[{"id":6260,"href":"https:\/\/urbanizacionelbosque.org\/index.php\/wp-json\/wp\/v2\/posts\/6072\/revisions\/6260"}],"wp:featuredmedia":[{"embeddable":true,"href":"https:\/\/urbanizacionelbosque.org\/index.php\/wp-json\/"}],"wp:attachment":[{"href":"https:\/\/urbanizacionelbosque.org\/index.php\/wp-json\/wp\/v2\/media?parent=6072"}],"wp:term":[{"taxonomy":"category","embeddable":true,"href":"https:\/\/urbanizacionelbosque.org\/index.php\/wp-json\/wp\/v2\/categories?post=6072"},{"taxonomy":"post_tag","embeddable":true,"href":"https:\/\/urbanizacionelbosque.org\/index.php\/wp-json\/wp\/v2\/tags?post=6072"}],"curies":[{"name":"wp","href":"https:\/\/api.w.org\/{rel}","templated":true}]}}