{"id":6809,"date":"2024-06-18T12:15:28","date_gmt":"2024-06-18T12:15:28","guid":{"rendered":"https:\/\/urbanizacionelbosque.org\/?p=6809"},"modified":"2024-12-12T17:49:26","modified_gmt":"2024-12-12T17:49:26","slug":"cortes-de-agua-jueves-20-de-junio","status":"publish","type":"post","link":"https:\/\/urbanizacionelbosque.org\/index.php\/2024\/06\/18\/cortes-de-agua-jueves-20-de-junio\/","title":{"rendered":"Cortes de agua, jueves 20 de junio"},"content":{"rendered":"<p>Corte de agua el d\u00eda 20 de junio, desde las 9.00 hasta las 15.00 en las pr\u00f3ximas calles:<\/p>\n<p>Calle Mi\u00f1o 106-126<br \/>\nCalle Mi\u00f1o 83-87<br \/>\nCalle Navia 2-12<br \/>\nCalle Navia 1-5<br \/>\nCalle Masma<br \/>\nCalle Nal\u00f3n<br \/>\nCalle Deva<\/p>\n<p>M\u00e1s informaci\u00f3n en la nota informativa adjuntada.<\/p>\n<p><a href=\"https:\/\/urbanizacionelbosque.org\/wp-content\/uploads\/2024\/06\/Aviso-corte-de-agua-20-06-2024-1.pdf\">Aviso corte de agua 20-06-2024-1<\/a><\/p>\n","protected":false},"excerpt":{"rendered":"<p>Corte de agua el d\u00eda 20 de junio, desde las 9.00 hasta las 15.00 en las pr\u00f3ximas calles: Calle Mi\u00f1o 106-126 Calle Mi\u00f1o 83-87 Calle Navia 2-12 Calle Navia 1-5 Calle Masma Calle Nal\u00f3n Calle Deva M\u00e1s informaci\u00f3n en la nota informativa adjuntada. Aviso corte de agua 20-06-2024-1<\/p>\n","protected":false},"author":1,"featured_media":6095,"comment_status":"closed","ping_status":"closed","sticky":false,"template":"","format":"standard","meta":{"_et_pb_use_builder":"","_et_pb_old_content":"","_et_gb_content_width":"","footnotes":""},"categories":[28],"tags":[],"class_list":["post-6809","post","type-post","status-publish","format-standard","has-post-thumbnail","hentry","category-agua-infraestructuras"],"_links":{"self":[{"href":"https:\/\/urbanizacionelbosque.org\/index.php\/wp-json\/wp\/v2\/posts\/6809","targetHints":{"allow":["GET"]}}],"collection":[{"href":"https:\/\/urbanizacionelbosque.org\/index.php\/wp-json\/wp\/v2\/posts"}],"about":[{"href":"https:\/\/urbanizacionelbosque.org\/index.php\/wp-json\/wp\/v2\/types\/post"}],"author":[{"embeddable":true,"href":"https:\/\/urbanizacionelbosque.org\/index.php\/wp-json\/wp\/v2\/users\/1"}],"replies":[{"embeddable":true,"href":"https:\/\/urbanizacionelbosque.org\/index.php\/wp-json\/wp\/v2\/comments?post=6809"}],"version-history":[{"count":1,"href":"https:\/\/urbanizacionelbosque.org\/index.php\/wp-json\/wp\/v2\/posts\/6809\/revisions"}],"predecessor-version":[{"id":6811,"href":"https:\/\/urbanizacionelbosque.org\/index.php\/wp-json\/wp\/v2\/posts\/6809\/revisions\/6811"}],"wp:featuredmedia":[{"embeddable":true,"href":"https:\/\/urbanizacionelbosque.org\/index.php\/wp-json\/"}],"wp:attachment":[{"href":"https:\/\/urbanizacionelbosque.org\/index.php\/wp-json\/wp\/v2\/media?parent=6809"}],"wp:term":[{"taxonomy":"category","embeddable":true,"href":"https:\/\/urbanizacionelbosque.org\/index.php\/wp-json\/wp\/v2\/categories?post=6809"},{"taxonomy":"post_tag","embeddable":true,"href":"https:\/\/urbanizacionelbosque.org\/index.php\/wp-json\/wp\/v2\/tags?post=6809"}],"curies":[{"name":"wp","href":"https:\/\/api.w.org\/{rel}","templated":true}]}}