{"id":6817,"date":"2024-06-19T11:39:32","date_gmt":"2024-06-19T11:39:32","guid":{"rendered":"https:\/\/urbanizacionelbosque.org\/?p=6817"},"modified":"2024-08-28T15:47:54","modified_gmt":"2024-08-28T15:47:54","slug":"corte-de-luz-lunes-24-de-junio","status":"publish","type":"post","link":"https:\/\/urbanizacionelbosque.org\/index.php\/2024\/06\/19\/corte-de-luz-lunes-24-de-junio\/","title":{"rendered":"Corte de luz, lunes 24 de junio"},"content":{"rendered":"<p>Corte de luz el d\u00eda 24 de junio, desde las 8.30 hasta las 10.00 en las pr\u00f3ximas calles:<\/p>\n<p>Calle Ba\u00f1uelos: 1, 3, 4, 5<br \/>\nCalle Guadiana: 56, 68, 70, 71, 73, 74, 75, 76, 77, 78, 79 PR, 79, 80, 81, 82, 83, 84, 85<br \/>\nCalle Hijuela: 1, 2, 4, 5, 6, 7, 8, 9, 10, 12, 16<\/p>\n<p>M\u00e1s informaci\u00f3n en la nota informativa adjuntada.<\/p>\n<p><a href=\"https:\/\/urbanizacionelbosque.org\/wp-content\/uploads\/2024\/06\/Corte-de-luz-24062024.pdf\">Corte de luz 24062024<\/a><\/p>\n","protected":false},"excerpt":{"rendered":"<p>Corte de luz el d\u00eda 24 de junio, desde las 8.30 hasta las 10.00 en las pr\u00f3ximas calles: Calle Ba\u00f1uelos: 1, 3, 4, 5 Calle Guadiana: 56, 68, 70, 71, 73, 74, 75, 76, 77, 78, 79 PR, 79, 80, 81, 82, 83, 84, 85 Calle Hijuela: 1, 2, 4, 5, 6, 7, 8, 9, [&hellip;]<\/p>\n","protected":false},"author":1,"featured_media":6095,"comment_status":"closed","ping_status":"closed","sticky":false,"template":"","format":"standard","meta":{"_et_pb_use_builder":"","_et_pb_old_content":"","_et_gb_content_width":"","footnotes":""},"categories":[22],"tags":[],"class_list":["post-6817","post","type-post","status-publish","format-standard","has-post-thumbnail","hentry","category-conservacion"],"_links":{"self":[{"href":"https:\/\/urbanizacionelbosque.org\/index.php\/wp-json\/wp\/v2\/posts\/6817","targetHints":{"allow":["GET"]}}],"collection":[{"href":"https:\/\/urbanizacionelbosque.org\/index.php\/wp-json\/wp\/v2\/posts"}],"about":[{"href":"https:\/\/urbanizacionelbosque.org\/index.php\/wp-json\/wp\/v2\/types\/post"}],"author":[{"embeddable":true,"href":"https:\/\/urbanizacionelbosque.org\/index.php\/wp-json\/wp\/v2\/users\/1"}],"replies":[{"embeddable":true,"href":"https:\/\/urbanizacionelbosque.org\/index.php\/wp-json\/wp\/v2\/comments?post=6817"}],"version-history":[{"count":1,"href":"https:\/\/urbanizacionelbosque.org\/index.php\/wp-json\/wp\/v2\/posts\/6817\/revisions"}],"predecessor-version":[{"id":6819,"href":"https:\/\/urbanizacionelbosque.org\/index.php\/wp-json\/wp\/v2\/posts\/6817\/revisions\/6819"}],"wp:featuredmedia":[{"embeddable":true,"href":"https:\/\/urbanizacionelbosque.org\/index.php\/wp-json\/"}],"wp:attachment":[{"href":"https:\/\/urbanizacionelbosque.org\/index.php\/wp-json\/wp\/v2\/media?parent=6817"}],"wp:term":[{"taxonomy":"category","embeddable":true,"href":"https:\/\/urbanizacionelbosque.org\/index.php\/wp-json\/wp\/v2\/categories?post=6817"},{"taxonomy":"post_tag","embeddable":true,"href":"https:\/\/urbanizacionelbosque.org\/index.php\/wp-json\/wp\/v2\/tags?post=6817"}],"curies":[{"name":"wp","href":"https:\/\/api.w.org\/{rel}","templated":true}]}}