{"id":6863,"date":"2024-08-21T20:50:32","date_gmt":"2024-08-21T20:50:32","guid":{"rendered":"https:\/\/urbanizacionelbosque.org\/?p=6863"},"modified":"2024-08-28T15:51:39","modified_gmt":"2024-08-28T15:51:39","slug":"corte-de-luz-lunes-26-de-agosto","status":"publish","type":"post","link":"https:\/\/urbanizacionelbosque.org\/index.php\/2024\/08\/21\/corte-de-luz-lunes-26-de-agosto\/","title":{"rendered":"Corte de luz, lunes 26 de agosto"},"content":{"rendered":"\n<p>Corte de luz el d\u00eda 26 de agosto, desde las 8.30 hasta las 10.30 en Calle Segura. N\u00fameros afectados:<\/p>\n\n\n\n<p>34, 36, 37, 38, 40, 41, 42, 45, 47, 49, 51, 53, 57,<br>59, 61, 63, 65<\/p>\n\n\n\n<p>M\u00e1s informaci\u00f3n en la nota informativa adjuntada.<\/p>\n\n\n<p><a href=\"https:\/\/urbanizacionelbosque.org\/wp-content\/uploads\/2024\/08\/Corte-de-luz-26082024.pdf\">Corte de luz 26082024<\/a><\/p>\n\n\n<p><\/p>\n","protected":false},"excerpt":{"rendered":"<p>Corte de luz el d\u00eda 26 de agosto, desde las 8.30 hasta las 10.30 en Calle Segura. N\u00fameros afectados: 34, 36, 37, 38, 40, 41, 42, 45, 47, 49, 51, 53, 57,59, 61, 63, 65 M\u00e1s informaci\u00f3n en la nota informativa adjuntada. Corte de luz 26082024<\/p>\n","protected":false},"author":1,"featured_media":6095,"comment_status":"closed","ping_status":"closed","sticky":false,"template":"","format":"standard","meta":{"_et_pb_use_builder":"","_et_pb_old_content":"","_et_gb_content_width":"","footnotes":""},"categories":[22],"tags":[],"class_list":["post-6863","post","type-post","status-publish","format-standard","has-post-thumbnail","hentry","category-conservacion"],"_links":{"self":[{"href":"https:\/\/urbanizacionelbosque.org\/index.php\/wp-json\/wp\/v2\/posts\/6863","targetHints":{"allow":["GET"]}}],"collection":[{"href":"https:\/\/urbanizacionelbosque.org\/index.php\/wp-json\/wp\/v2\/posts"}],"about":[{"href":"https:\/\/urbanizacionelbosque.org\/index.php\/wp-json\/wp\/v2\/types\/post"}],"author":[{"embeddable":true,"href":"https:\/\/urbanizacionelbosque.org\/index.php\/wp-json\/wp\/v2\/users\/1"}],"replies":[{"embeddable":true,"href":"https:\/\/urbanizacionelbosque.org\/index.php\/wp-json\/wp\/v2\/comments?post=6863"}],"version-history":[{"count":2,"href":"https:\/\/urbanizacionelbosque.org\/index.php\/wp-json\/wp\/v2\/posts\/6863\/revisions"}],"predecessor-version":[{"id":6866,"href":"https:\/\/urbanizacionelbosque.org\/index.php\/wp-json\/wp\/v2\/posts\/6863\/revisions\/6866"}],"wp:featuredmedia":[{"embeddable":true,"href":"https:\/\/urbanizacionelbosque.org\/index.php\/wp-json\/"}],"wp:attachment":[{"href":"https:\/\/urbanizacionelbosque.org\/index.php\/wp-json\/wp\/v2\/media?parent=6863"}],"wp:term":[{"taxonomy":"category","embeddable":true,"href":"https:\/\/urbanizacionelbosque.org\/index.php\/wp-json\/wp\/v2\/categories?post=6863"},{"taxonomy":"post_tag","embeddable":true,"href":"https:\/\/urbanizacionelbosque.org\/index.php\/wp-json\/wp\/v2\/tags?post=6863"}],"curies":[{"name":"wp","href":"https:\/\/api.w.org\/{rel}","templated":true}]}}