{"id":7654,"date":"2025-12-12T04:21:23","date_gmt":"2025-12-12T04:21:23","guid":{"rendered":"https:\/\/urbanizacionelbosque.org\/?p=7654"},"modified":"2026-02-26T16:30:27","modified_gmt":"2026-02-26T16:30:27","slug":"comunicado-ayuntamiento","status":"publish","type":"post","link":"https:\/\/urbanizacionelbosque.org\/index.php\/2025\/12\/12\/comunicado-ayuntamiento\/","title":{"rendered":"Comunicado ayuntamiento"},"content":{"rendered":"\n<p><strong>Adjuntamos el enlace del Recurso de Reposici\u00f3n de la Entidad Urban\u00edstica El Bosque contra el Ayuntamiento de Villaviciosa de Od\u00f3n:<\/strong><\/p>\n\n\n\n<p><a href=\"https:\/\/www.aytovillaviciosadeodon.es\/-\/desestimado-el-recurso-de-reposicion-presentado-por-la-entidad-urbanistica-el-bosque-contra-el-ayuntamiento-\">https:\/\/www.aytovillaviciosadeodon.es\/-\/desestimado-el-recurso-de-reposicion-presentado-por-la-entidad-urbanistica-el-bosque-contra-el-ayuntamiento-<\/a><\/p>\n\n\n\n<p><strong>y la publicaci\u00f3n de hoy con el enlace a la WEB municipal:<\/strong><\/p>\n\n\n\n<p><a href=\"https:\/\/www.aytovillaviciosadeodon.es\/-\/el-pleno-del-ayuntamiento-aprueba-medidas-que-afectan-a-la-gestion-de-la-entidad-urbanistica-el-bosque\">https:\/\/www.aytovillaviciosadeodon.es\/-\/el-pleno-del-ayuntamiento-aprueba-medidas-que-afectan-a-la-gestion-de-la-entidad-urbanistica-el-bosque<\/a><\/p>\n\n\n\n<p>para las 16horas, se publicar\u00e1 lo siguiente:<\/p>\n\n\n\n<p><strong>Enlace al portal de transparencia<\/strong>:<\/p>\n\n\n\n<p><a href=\"https:\/\/transparencia.aytovillaviciosadeodon.es\/t\/p\/2227-euccel-bosque\">https:\/\/transparencia.aytovillaviciosadeodon.es\/t\/p\/2227-euccel-bosque<\/a><\/p>\n","protected":false},"excerpt":{"rendered":"<p>Adjuntamos el enlace del Recurso de Reposici\u00f3n de la Entidad Urban\u00edstica El Bosque contra el Ayuntamiento de Villaviciosa de Od\u00f3n: https:\/\/www.aytovillaviciosadeodon.es\/-\/desestimado-el-recurso-de-reposicion-presentado-por-la-entidad-urbanistica-el-bosque-contra-el-ayuntamiento- y la publicaci\u00f3n de hoy con el enlace a la WEB municipal: https:\/\/www.aytovillaviciosadeodon.es\/-\/el-pleno-del-ayuntamiento-aprueba-medidas-que-afectan-a-la-gestion-de-la-entidad-urbanistica-el-bosque para las 16horas, se publicar\u00e1 lo siguiente: Enlace al portal de transparencia: https:\/\/transparencia.aytovillaviciosadeodon.es\/t\/p\/2227-euccel-bosque<\/p>\n","protected":false},"author":1,"featured_media":6095,"comment_status":"closed","ping_status":"closed","sticky":false,"template":"","format":"standard","meta":{"_et_pb_use_builder":"","_et_pb_old_content":"","_et_gb_content_width":"795","footnotes":""},"categories":[36,24],"tags":[],"class_list":["post-7654","post","type-post","status-publish","format-standard","has-post-thumbnail","hentry","category-ayuntamiento-informacion-municipal-sobre-la-entidad","category-notas-informativas"],"_links":{"self":[{"href":"https:\/\/urbanizacionelbosque.org\/index.php\/wp-json\/wp\/v2\/posts\/7654","targetHints":{"allow":["GET"]}}],"collection":[{"href":"https:\/\/urbanizacionelbosque.org\/index.php\/wp-json\/wp\/v2\/posts"}],"about":[{"href":"https:\/\/urbanizacionelbosque.org\/index.php\/wp-json\/wp\/v2\/types\/post"}],"author":[{"embeddable":true,"href":"https:\/\/urbanizacionelbosque.org\/index.php\/wp-json\/wp\/v2\/users\/1"}],"replies":[{"embeddable":true,"href":"https:\/\/urbanizacionelbosque.org\/index.php\/wp-json\/wp\/v2\/comments?post=7654"}],"version-history":[{"count":2,"href":"https:\/\/urbanizacionelbosque.org\/index.php\/wp-json\/wp\/v2\/posts\/7654\/revisions"}],"predecessor-version":[{"id":7656,"href":"https:\/\/urbanizacionelbosque.org\/index.php\/wp-json\/wp\/v2\/posts\/7654\/revisions\/7656"}],"wp:featuredmedia":[{"embeddable":true,"href":"https:\/\/urbanizacionelbosque.org\/index.php\/wp-json\/"}],"wp:attachment":[{"href":"https:\/\/urbanizacionelbosque.org\/index.php\/wp-json\/wp\/v2\/media?parent=7654"}],"wp:term":[{"taxonomy":"category","embeddable":true,"href":"https:\/\/urbanizacionelbosque.org\/index.php\/wp-json\/wp\/v2\/categories?post=7654"},{"taxonomy":"post_tag","embeddable":true,"href":"https:\/\/urbanizacionelbosque.org\/index.php\/wp-json\/wp\/v2\/tags?post=7654"}],"curies":[{"name":"wp","href":"https:\/\/api.w.org\/{rel}","templated":true}]}}