{"id":7780,"date":"2026-03-27T14:16:05","date_gmt":"2026-03-27T14:16:05","guid":{"rendered":"https:\/\/urbanizacionelbosque.org\/?p=7780"},"modified":"2026-03-27T14:16:50","modified_gmt":"2026-03-27T14:16:50","slug":"sentencia-del-juzgado-de-lo-social-de-mostoles-en-relacion-con-el-despido-del-director-tecnico-de-la-entidad-urbanistica","status":"publish","type":"post","link":"https:\/\/urbanizacionelbosque.org\/index.php\/2026\/03\/27\/sentencia-del-juzgado-de-lo-social-de-mostoles-en-relacion-con-el-despido-del-director-tecnico-de-la-entidad-urbanistica\/","title":{"rendered":"Sentencia del Juzgado de lo Social de M\u00f3stoles en relaci\u00f3n con el despido del Director T\u00e9cnico de la Entidad Urban\u00edstica"},"content":{"rendered":"\n<p><strong>Sentencia del Juzgado de lo Social de M\u00f3stoles en relaci\u00f3n con el despido del Director T\u00e9cnico de la Entidad Urban\u00edstica<\/strong><\/p>\n\n\n\n<p>Se informa a los vecinos de la sentencia dictada por el Juzgado de lo Social de M\u00f3stoles en relaci\u00f3n con el despido del que fuera Director T\u00e9cnico de la Entidad Urban\u00edstica, acordado durante la etapa de la anterior Junta de Gobierno de la Entidad, previa a la intervenci\u00f3n municipal.<\/p>\n\n\n\n<p>La resoluci\u00f3n judicial estima la demanda interpuesta por el que fuera Director T\u00e9cnico frente a la Entidad Urban\u00edstica, y declara la improcedencia del despido de fecha 7 de febrero de 2025 y obliga a la Entidad a lo siguiente:<\/p>\n\n\n\n<ul class=\"wp-block-list\">\n<li>\u201c<strong><em>Readmita al actor en su mismo puesto de trabajo, con abono de los salarios dejados de percibir, en cuant\u00eda diaria bruta prorrateada de 132,10 euros<\/em><\/strong>\u201d.<\/li>\n\n\n\n<li>O \u201c<strong><em>Le indemnice en la cantidad de 4.359,30 euros, supuesto que determinar\u00e1 la extinci\u00f3n de la relaci\u00f3n laboral en la fecha del despido<\/em><\/strong>\u201d.<\/li>\n<\/ul>\n\n\n\n<p>Adem\u00e1s, la sentencia falla en los siguientes t\u00e9rminos:<\/p>\n\n\n\n<p>\u201c<strong><em>Estima la reclamaci\u00f3n acumulada de cantidad y condeno a la Entidad Urban\u00edstica, a que abone a D. J.M. (Director t\u00e9cnico), la cantidad de 2.011,27 euros, con m\u00e1s 201,13 euros en concepto de 10% de inter\u00e9s por demora<\/em><\/strong>\u201d.<\/p>\n\n\n\n<p>M\u00e1s all\u00e1 de las consecuencias econ\u00f3micas, la sentencia resulta relevante por la contundencia con la que desacredita los argumentos esgrimidos por la anterior Junta de Gobierno de la Entidad para justificar el despido.<\/p>\n\n\n\n<p>En palabras textuales de la sentencia, \u201c<strong><em>el testimonio de las personas que han declarado como testigos no ha tenido la fuerza necesaria para dar por acreditados tales incumplimientos, pues con relaci\u00f3n a la manipulaci\u00f3n de los contadores, sustracci\u00f3n de residuos de la entidad de colaboraci\u00f3n, contrataci\u00f3n de proveedores de servicios sin autorizaci\u00f3n de la Junta, la solicitud de remuneraciones o premiso de terceros y los diversos incumplimientos del apartado sexto de la carta de despido<\/em>,<\/strong> <strong><em>no han tenido el m\u00ednimo reflejo como prueba en acto de juicio<\/em><\/strong>\u201d.<\/p>\n\n\n\n<p>Asimismo, la magistrada aclara el procedimiento de elaboraci\u00f3n de n\u00f3minas, se\u00f1alando que estas eran confeccionadas por una gestor\u00eda externa, indicando \u201d<strong><em>Estas, una vez confeccionadas, las remit\u00eda al Administrador, y este a su vez a la Presidenta, para su firma y abono<\/em><\/strong>\u201d, indicando adicionalmente \u201c<strong>y por ello no puede atribuirse al demandante una modificaci\u00f3n unilateral de los conceptos que se inclu\u00edan en su n\u00f3mina<\/strong>\u201d.<\/p>\n\n\n\n<p>Durante el procedimiento han declarado, entre otros, la entonces presidenta y miembros de la anterior Junta de Gobierno de la Entidad, responsable de las decisiones adoptadas en ese periodo.<\/p>\n\n\n\n<p>Esta sentencia pone de manifiesto las graves deficiencias en la gesti\u00f3n de la anterior Junta de Gobierno de la Entidad Urban\u00edstica El Bosque, evidenciando la adopci\u00f3n de decisiones de enorme trascendencia sin el debido respaldo probatorio ni las garant\u00edas exigibles.<\/p>\n","protected":false},"excerpt":{"rendered":"<p>Sentencia del Juzgado de lo Social de M\u00f3stoles en relaci\u00f3n con el despido del Director T\u00e9cnico de la Entidad Urban\u00edstica Se informa a los vecinos de la sentencia dictada por el Juzgado de lo Social de M\u00f3stoles en relaci\u00f3n con el despido del que fuera Director T\u00e9cnico de la Entidad Urban\u00edstica, acordado durante la etapa [&hellip;]<\/p>\n","protected":false},"author":1,"featured_media":6095,"comment_status":"closed","ping_status":"closed","sticky":false,"template":"","format":"standard","meta":{"_et_pb_use_builder":"","_et_pb_old_content":"","_et_gb_content_width":"795","footnotes":""},"categories":[36,24,34],"tags":[],"class_list":["post-7780","post","type-post","status-publish","format-standard","has-post-thumbnail","hentry","category-ayuntamiento-informacion-municipal-sobre-la-entidad","category-notas-informativas","category-portada"],"_links":{"self":[{"href":"https:\/\/urbanizacionelbosque.org\/index.php\/wp-json\/wp\/v2\/posts\/7780","targetHints":{"allow":["GET"]}}],"collection":[{"href":"https:\/\/urbanizacionelbosque.org\/index.php\/wp-json\/wp\/v2\/posts"}],"about":[{"href":"https:\/\/urbanizacionelbosque.org\/index.php\/wp-json\/wp\/v2\/types\/post"}],"author":[{"embeddable":true,"href":"https:\/\/urbanizacionelbosque.org\/index.php\/wp-json\/wp\/v2\/users\/1"}],"replies":[{"embeddable":true,"href":"https:\/\/urbanizacionelbosque.org\/index.php\/wp-json\/wp\/v2\/comments?post=7780"}],"version-history":[{"count":1,"href":"https:\/\/urbanizacionelbosque.org\/index.php\/wp-json\/wp\/v2\/posts\/7780\/revisions"}],"predecessor-version":[{"id":7781,"href":"https:\/\/urbanizacionelbosque.org\/index.php\/wp-json\/wp\/v2\/posts\/7780\/revisions\/7781"}],"wp:featuredmedia":[{"embeddable":true,"href":"https:\/\/urbanizacionelbosque.org\/index.php\/wp-json\/"}],"wp:attachment":[{"href":"https:\/\/urbanizacionelbosque.org\/index.php\/wp-json\/wp\/v2\/media?parent=7780"}],"wp:term":[{"taxonomy":"category","embeddable":true,"href":"https:\/\/urbanizacionelbosque.org\/index.php\/wp-json\/wp\/v2\/categories?post=7780"},{"taxonomy":"post_tag","embeddable":true,"href":"https:\/\/urbanizacionelbosque.org\/index.php\/wp-json\/wp\/v2\/tags?post=7780"}],"curies":[{"name":"wp","href":"https:\/\/api.w.org\/{rel}","templated":true}]}}